{"id":548,"count":4,"description":"<p data-start=\"145\" data-end=\"460\"><strong data-start=\"145\" data-end=\"167\">Ez\u00fcst \u00e9letfa med\u00e1l<\/strong> - a term\u00e9szet \u00e9s az \u00e9let szimbolik\u00e1j\u00e1t \u00f6tv\u00f6zi eleg\u00e1ns, min\u0151s\u00e9gi \u00e9kszerekben. Az \u00f6sszetartoz\u00e1st, a fejl\u0151d\u00e9st \u00e9s az \u00fajrakezd\u00e9st jelk\u00e9pezi. Az <strong data-start=\"258\" data-end=\"284\">\u00e9letfa med\u00e1l jelent\u00e9se<\/strong> az \u00f6sszekapcsol\u00f3d\u00e1s, a n\u00f6veked\u00e9s, az er\u0151 \u00e9s a harm\u00f3nia \u2013 olyan \u00e9rt\u00e9kek, amelyek nemcsak a mindennapokban, hanem k\u00fcl\u00f6nleges alkalmakon is kifejezhet\u0151k egy gy\u00f6ny\u00f6r\u0171 \u00e9kszerrel.<\/p>\r\n<p data-start=\"768\" data-end=\"1062\">Legyen sz\u00f3 \u00f6nmagad megaj\u00e1nd\u00e9koz\u00e1s\u00e1r\u00f3l vagy egy szerettednek sz\u00e1nt k\u00fcl\u00f6nleges meglepet\u00e9sr\u0151l, az <strong data-start=\"863\" data-end=\"879\">\u00e9letfa med\u00e1l<\/strong> nemcsak egy dekorat\u00edv kieg\u00e9sz\u00edt\u0151, hanem jelent\u00e9ssel b\u00edr\u00f3 aj\u00e1nd\u00e9k is. Fedezd fel v\u00e1laszt\u00e9kunkat, \u00e9s tal\u00e1ld meg azt a darabot, amely a legszebben fejezi ki sz\u00e1modra az \u00e9let \u00fczenet\u00e9t.<\/p>","link":"https:\/\/old.drescherjewellery.com\/hu\/kategoria\/ezust-medal\/ezust-eletfa-medal\/","name":"Ez\u00fcst \u00e9letfa med\u00e1l","slug":"ezust-eletfa-medal","taxonomy":"product_cat","parent":30,"meta":[],"menu_order":0,"yoast_head":"<!-- This site is optimized with the Yoast SEO Premium plugin v26.8 (Yoast SEO v27.9) - https:\/\/yoast.com\/product\/yoast-seo-premium-wordpress\/ -->\n<title>Ez\u00fcst \u00e9letfa med\u00e1l | Drescher Jewellery<\/title>\n<meta name=\"robots\" content=\"index, follow, max-snippet:-1, max-image-preview:large, max-video-preview:-1\" \/>\n<link rel=\"canonical\" href=\"https:\/\/old.drescherjewellery.com\/hu\/kategoria\/ezust-medal\/ezust-eletfa-medal\/\" \/>\n<meta property=\"og:locale\" content=\"hu_HU\" \/>\n<meta property=\"og:type\" content=\"article\" \/>\n<meta property=\"og:title\" content=\"Ez\u00fcst \u00e9letfa med\u00e1l Arch\u00edvum\" \/>\n<meta property=\"og:description\" content=\"Ez\u00fcst \u00e9letfa med\u00e1l &#8211; a term\u00e9szet \u00e9s az \u00e9let szimbolik\u00e1j\u00e1t \u00f6tv\u00f6zi eleg\u00e1ns, min\u0151s\u00e9gi \u00e9kszerekben. Az \u00f6sszetartoz\u00e1st, a fejl\u0151d\u00e9st \u00e9s az \u00fajrakezd\u00e9st jelk\u00e9pezi. Az \u00e9letfa med\u00e1l jelent\u00e9se az \u00f6sszekapcsol\u00f3d\u00e1s, a n\u00f6veked\u00e9s, az er\u0151 \u00e9s a harm\u00f3nia \u2013 olyan \u00e9rt\u00e9kek, amelyek nemcsak a mindennapokban, hanem k\u00fcl\u00f6nleges alkalmakon is kifejezhet\u0151k egy gy\u00f6ny\u00f6r\u0171 \u00e9kszerrel. Legyen sz\u00f3 \u00f6nmagad megaj\u00e1nd\u00e9koz\u00e1s\u00e1r\u00f3l vagy egy szerettednek sz\u00e1nt k\u00fcl\u00f6nleges meglepet\u00e9sr\u0151l, az \u00e9letfa med\u00e1l nemcsak egy dekorat\u00edv kieg\u00e9sz\u00edt\u0151, hanem jelent\u00e9ssel b\u00edr\u00f3 aj\u00e1nd\u00e9k is. Fedezd fel v\u00e1laszt\u00e9kunkat, \u00e9s tal\u00e1ld meg azt a darabot, amely a legszebben fejezi ki sz\u00e1modra az \u00e9let \u00fczenet\u00e9t.\" \/>\n<meta property=\"og:url\" content=\"https:\/\/old.drescherjewellery.com\/hu\/kategoria\/ezust-medal\/ezust-eletfa-medal\/\" \/>\n<meta property=\"og:site_name\" content=\"Drescher Jewellery\" \/>\n<meta name=\"twitter:card\" content=\"summary_large_image\" \/>\n<script type=\"application\/ld+json\" class=\"yoast-schema-graph\">{\"@context\":\"https:\\\/\\\/schema.org\",\"@graph\":[{\"@type\":\"CollectionPage\",\"@id\":\"https:\\\/\\\/old.drescherjewellery.com\\\/hu\\\/kategoria\\\/ezust-medal\\\/ezust-eletfa-medal\\\/\",\"url\":\"https:\\\/\\\/old.drescherjewellery.com\\\/hu\\\/kategoria\\\/ezust-medal\\\/ezust-eletfa-medal\\\/\",\"name\":\"Ez\u00fcst \u00e9letfa med\u00e1l | Drescher Jewellery\",\"isPartOf\":{\"@id\":\"https:\\\/\\\/old.drescherjewellery.com\\\/hu\\\/#website\"},\"breadcrumb\":{\"@id\":\"https:\\\/\\\/old.drescherjewellery.com\\\/hu\\\/kategoria\\\/ezust-medal\\\/ezust-eletfa-medal\\\/#breadcrumb\"},\"inLanguage\":\"hu\"},{\"@type\":\"BreadcrumbList\",\"@id\":\"https:\\\/\\\/old.drescherjewellery.com\\\/hu\\\/kategoria\\\/ezust-medal\\\/ezust-eletfa-medal\\\/#breadcrumb\",\"itemListElement\":[{\"@type\":\"ListItem\",\"position\":1,\"name\":\"Kezd\u0151lap\",\"item\":\"https:\\\/\\\/old.drescherjewellery.com\\\/hu\\\/\"},{\"@type\":\"ListItem\",\"position\":2,\"name\":\"Ez\u00fcst med\u00e1l\",\"item\":\"https:\\\/\\\/old.drescherjewellery.com\\\/hu\\\/kategoria\\\/ezust-medal\\\/\"},{\"@type\":\"ListItem\",\"position\":3,\"name\":\"Ez\u00fcst \u00e9letfa med\u00e1l\"}]},{\"@type\":\"WebSite\",\"@id\":\"https:\\\/\\\/old.drescherjewellery.com\\\/hu\\\/#website\",\"url\":\"https:\\\/\\\/old.drescherjewellery.com\\\/hu\\\/\",\"name\":\"Drescher Jewellery\",\"description\":\"Tedd t\u00f6k\u00e9letesebb\u00e9 mindennapjaid a Drescher Jewellery \u00e9kszereivel.\",\"publisher\":{\"@id\":\"https:\\\/\\\/old.drescherjewellery.com\\\/hu\\\/#organization\"},\"alternateName\":\"Ez\u00fcst \u00c9kszer Web\u00e1ruh\u00e1z\",\"potentialAction\":[{\"@type\":\"SearchAction\",\"target\":{\"@type\":\"EntryPoint\",\"urlTemplate\":\"https:\\\/\\\/old.drescherjewellery.com\\\/hu\\\/?s={search_term_string}\"},\"query-input\":{\"@type\":\"PropertyValueSpecification\",\"valueRequired\":true,\"valueName\":\"search_term_string\"}}],\"inLanguage\":\"hu\"},{\"@type\":\"Organization\",\"@id\":\"https:\\\/\\\/old.drescherjewellery.com\\\/hu\\\/#organization\",\"name\":\"Drescher Jewellery\",\"url\":\"https:\\\/\\\/old.drescherjewellery.com\\\/hu\\\/\",\"logo\":{\"@type\":\"ImageObject\",\"inLanguage\":\"hu\",\"@id\":\"https:\\\/\\\/old.drescherjewellery.com\\\/hu\\\/#\\\/schema\\\/logo\\\/image\\\/\",\"url\":\"https:\\\/\\\/drescherjewellery.com\\\/wp-content\\\/uploads\\\/2026\\\/01\\\/Drescher-Jewellery-wpml.png\",\"contentUrl\":\"https:\\\/\\\/drescherjewellery.com\\\/wp-content\\\/uploads\\\/2026\\\/01\\\/Drescher-Jewellery-wpml.png\",\"width\":500,\"height\":500,\"caption\":\"Drescher Jewellery\"},\"image\":{\"@id\":\"https:\\\/\\\/old.drescherjewellery.com\\\/hu\\\/#\\\/schema\\\/logo\\\/image\\\/\"},\"sameAs\":[\"https:\\\/\\\/www.facebook.com\\\/drescherjewellery\",\"https:\\\/\\\/www.instagram.com\\\/drescherjewellery\",\"https:\\\/\\\/www.tiktok.com\\\/@drescherjewellery\"]}]}<\/script>\n<!-- \/ Yoast SEO Premium plugin. -->","yoast_head_json":{"title":"Ez\u00fcst \u00e9letfa med\u00e1l | Drescher Jewellery","robots":{"index":"index","follow":"follow","max-snippet":"max-snippet:-1","max-image-preview":"max-image-preview:large","max-video-preview":"max-video-preview:-1"},"canonical":"https:\/\/old.drescherjewellery.com\/hu\/kategoria\/ezust-medal\/ezust-eletfa-medal\/","og_locale":"hu_HU","og_type":"article","og_title":"Ez\u00fcst \u00e9letfa med\u00e1l Arch\u00edvum","og_description":"Ez\u00fcst \u00e9letfa med\u00e1l &#8211; a term\u00e9szet \u00e9s az \u00e9let szimbolik\u00e1j\u00e1t \u00f6tv\u00f6zi eleg\u00e1ns, min\u0151s\u00e9gi \u00e9kszerekben. Az \u00f6sszetartoz\u00e1st, a fejl\u0151d\u00e9st \u00e9s az \u00fajrakezd\u00e9st jelk\u00e9pezi. Az \u00e9letfa med\u00e1l jelent\u00e9se az \u00f6sszekapcsol\u00f3d\u00e1s, a n\u00f6veked\u00e9s, az er\u0151 \u00e9s a harm\u00f3nia \u2013 olyan \u00e9rt\u00e9kek, amelyek nemcsak a mindennapokban, hanem k\u00fcl\u00f6nleges alkalmakon is kifejezhet\u0151k egy gy\u00f6ny\u00f6r\u0171 \u00e9kszerrel. Legyen sz\u00f3 \u00f6nmagad megaj\u00e1nd\u00e9koz\u00e1s\u00e1r\u00f3l vagy egy szerettednek sz\u00e1nt k\u00fcl\u00f6nleges meglepet\u00e9sr\u0151l, az \u00e9letfa med\u00e1l nemcsak egy dekorat\u00edv kieg\u00e9sz\u00edt\u0151, hanem jelent\u00e9ssel b\u00edr\u00f3 aj\u00e1nd\u00e9k is. Fedezd fel v\u00e1laszt\u00e9kunkat, \u00e9s tal\u00e1ld meg azt a darabot, amely a legszebben fejezi ki sz\u00e1modra az \u00e9let \u00fczenet\u00e9t.","og_url":"https:\/\/old.drescherjewellery.com\/hu\/kategoria\/ezust-medal\/ezust-eletfa-medal\/","og_site_name":"Drescher Jewellery","twitter_card":"summary_large_image","schema":{"@context":"https:\/\/schema.org","@graph":[{"@type":"CollectionPage","@id":"https:\/\/old.drescherjewellery.com\/hu\/kategoria\/ezust-medal\/ezust-eletfa-medal\/","url":"https:\/\/old.drescherjewellery.com\/hu\/kategoria\/ezust-medal\/ezust-eletfa-medal\/","name":"Ez\u00fcst \u00e9letfa med\u00e1l | Drescher Jewellery","isPartOf":{"@id":"https:\/\/old.drescherjewellery.com\/hu\/#website"},"breadcrumb":{"@id":"https:\/\/old.drescherjewellery.com\/hu\/kategoria\/ezust-medal\/ezust-eletfa-medal\/#breadcrumb"},"inLanguage":"hu"},{"@type":"BreadcrumbList","@id":"https:\/\/old.drescherjewellery.com\/hu\/kategoria\/ezust-medal\/ezust-eletfa-medal\/#breadcrumb","itemListElement":[{"@type":"ListItem","position":1,"name":"Kezd\u0151lap","item":"https:\/\/old.drescherjewellery.com\/hu\/"},{"@type":"ListItem","position":2,"name":"Ez\u00fcst med\u00e1l","item":"https:\/\/old.drescherjewellery.com\/hu\/kategoria\/ezust-medal\/"},{"@type":"ListItem","position":3,"name":"Ez\u00fcst \u00e9letfa med\u00e1l"}]},{"@type":"WebSite","@id":"https:\/\/old.drescherjewellery.com\/hu\/#website","url":"https:\/\/old.drescherjewellery.com\/hu\/","name":"Drescher Jewellery","description":"Tedd t\u00f6k\u00e9letesebb\u00e9 mindennapjaid a Drescher Jewellery \u00e9kszereivel.","publisher":{"@id":"https:\/\/old.drescherjewellery.com\/hu\/#organization"},"alternateName":"Ez\u00fcst \u00c9kszer Web\u00e1ruh\u00e1z","potentialAction":[{"@type":"SearchAction","target":{"@type":"EntryPoint","urlTemplate":"https:\/\/old.drescherjewellery.com\/hu\/?s={search_term_string}"},"query-input":{"@type":"PropertyValueSpecification","valueRequired":true,"valueName":"search_term_string"}}],"inLanguage":"hu"},{"@type":"Organization","@id":"https:\/\/old.drescherjewellery.com\/hu\/#organization","name":"Drescher Jewellery","url":"https:\/\/old.drescherjewellery.com\/hu\/","logo":{"@type":"ImageObject","inLanguage":"hu","@id":"https:\/\/old.drescherjewellery.com\/hu\/#\/schema\/logo\/image\/","url":"https:\/\/drescherjewellery.com\/wp-content\/uploads\/2026\/01\/Drescher-Jewellery-wpml.png","contentUrl":"https:\/\/drescherjewellery.com\/wp-content\/uploads\/2026\/01\/Drescher-Jewellery-wpml.png","width":500,"height":500,"caption":"Drescher Jewellery"},"image":{"@id":"https:\/\/old.drescherjewellery.com\/hu\/#\/schema\/logo\/image\/"},"sameAs":["https:\/\/www.facebook.com\/drescherjewellery","https:\/\/www.instagram.com\/drescherjewellery","https:\/\/www.tiktok.com\/@drescherjewellery"]}]}},"_links":{"self":[{"href":"https:\/\/old.drescherjewellery.com\/hu\/wp-json\/wp\/v2\/product_cat\/548","targetHints":{"allow":["GET"]}}],"collection":[{"href":"https:\/\/old.drescherjewellery.com\/hu\/wp-json\/wp\/v2\/product_cat"}],"about":[{"href":"https:\/\/old.drescherjewellery.com\/hu\/wp-json\/wp\/v2\/taxonomies\/product_cat"}],"up":[{"embeddable":true,"href":"https:\/\/old.drescherjewellery.com\/hu\/wp-json\/wp\/v2\/product_cat\/30"}],"wp:post_type":[{"href":"https:\/\/old.drescherjewellery.com\/hu\/wp-json\/wp\/v2\/product?product_cat=548"}],"curies":[{"name":"wp","href":"https:\/\/api.w.org\/{rel}","templated":true}]}}